{"id":1088,"date":"2026-03-01T06:46:00","date_gmt":"2026-03-01T04:46:00","guid":{"rendered":"https:\/\/www.tcc-17.com\/index.php\/2026\/03\/01\/la-therapie-cognitive-et-comportementale-tcc-du-trouble-anxieux-generalise-tag\/"},"modified":"2026-03-01T08:22:39","modified_gmt":"2026-03-01T06:22:39","slug":"tag-la-rochelle","status":"publish","type":"post","link":"https:\/\/www.tcc-17.com\/index.php\/2026\/03\/01\/tag-la-rochelle\/","title":{"rendered":"Trouble anxieux g\u00e9n\u00e9ralis\u00e9 (TAG) : th\u00e9rapie TCC \u00e0 La Rochelle"},"content":{"rendered":"\n<figure class=\"wp-block-image aligncenter size-full\"><img loading=\"lazy\" decoding=\"async\" width=\"1006\" height=\"724\" src=\"https:\/\/www.tcc-17.com\/wp-content\/uploads\/2026\/03\/img_blog_article_8.webp\" alt=\"Illustration d\u2019une personne se tenant la t\u00eate, les yeux ferm\u00e9s, avec des pens\u00e9es enchev\u00eatr\u00e9es au-dessus de la t\u00eate symbolisant l\u2019anxi\u00e9t\u00e9 g\u00e9n\u00e9ralis\u00e9e, le stress et le trop-plein mental.\" class=\"wp-image-1090\" srcset=\"https:\/\/www.tcc-17.com\/wp-content\/uploads\/2026\/03\/img_blog_article_8.webp 1006w, https:\/\/www.tcc-17.com\/wp-content\/uploads\/2026\/03\/img_blog_article_8-300x216.webp 300w, https:\/\/www.tcc-17.com\/wp-content\/uploads\/2026\/03\/img_blog_article_8-768x553.webp 768w\" sizes=\"auto, (max-width: 1006px) 100vw, 1006px\" \/><\/figure>\n\n\n\n<p style=\"font-size:0px\">Le trouble anxieux g\u00e9n\u00e9ralis\u00e9 (TAG) se caract\u00e9rise par une anxi\u00e9t\u00e9 excessive, persistante et difficile \u00e0 contr\u00f4ler, qui concerne plusieurs domaines de la vie quotidienne (travail, famille, sant\u00e9, avenir). Contrairement \u00e0 l\u2019inqui\u00e9tude ponctuelle, le TAG se manifeste par une tension constante, souvent ressentie comme \u00e9puisante, et peut s\u2019accompagner de sympt\u00f4mes physiques. Les personnes concern\u00e9es d\u00e9crivent souvent l\u2019impression de \u00ab\u00a0toujours s\u2019inqui\u00e9ter pour quelque chose\u00a0\u00bb, sans parvenir \u00e0 apaiser leurs pens\u00e9es.<\/p>\n\n\n\n<blockquote class=\"wp-block-quote has-background is-layout-flow wp-block-quote-is-layout-flow\" style=\"background-color:#f9f3eb\">\n<p>Vous souffrez d\u2019inqui\u00e9tudes constantes, d\u2019une anxi\u00e9t\u00e9 envahissante et difficile \u00e0 contr\u00f4ler ?<br>Le <strong>trouble anxieux g\u00e9n\u00e9ralis\u00e9 (TAG)<\/strong> est un trouble fr\u00e9quent, mais souvent mal compris. \u00c0 <strong>La Rochelle<\/strong>, la <strong>th\u00e9rapie cognitivo-comportementale (TCC)<\/strong> est aujourd\u2019hui l\u2019une des approches les plus efficaces pour traiter durablement ce trouble anxieux. Cet article vous aide \u00e0 comprendre le TAG, ses sympt\u00f4mes, ses m\u00e9canismes, et en quoi une <strong>prise en charge en TCC \u00e0 La Rochelle<\/strong> peut vous aider \u00e0 retrouver un apaisement r\u00e9el et durable.<\/p>\n\n\n\n<p class=\"has-3-x-large-font-size\" style=\"text-decoration:underline\"><strong>Qu\u2019est-ce que <strong>le trouble anxieux<\/strong> g\u00e9n\u00e9ralis\u00e9 ?<\/strong><\/p>\n\n\n\n<p>Le <strong>trouble anxieux g\u00e9n\u00e9ralis\u00e9<\/strong>, aussi appel\u00e9 <strong>TAG<\/strong>, se caract\u00e9rise par une <strong>anxi\u00e9t\u00e9 chronique<\/strong>, excessive et persistante, pr\u00e9sente la plupart du temps depuis au moins six mois.. <br>Cette anxi\u00e9t\u00e9 concerne <strong>de nombreux domaines de la vie quotidienne<\/strong> : :<\/p>\n\n\n<ul class=\"wp-block-list\" style=\"\">\n<li class=\"has-x-large-font-size\">travail et performance professionnelle,<\/li>\n\n\n\n<li class=\"has-x-large-font-size\">sant&eacute; personnelle ou de ses proches,<\/li>\n\n\n\n<li class=\"has-x-large-font-size\">relations affectives,<\/li>\n\n\n\n<li class=\"has-x-large-font-size\">finances,<\/li>\n\n\n\n<li class=\"has-x-large-font-size\">avenir, s&eacute;curit&eacute;, impr&eacute;vus.<\/li>\n<\/ul>\n\n\n\n<p>Contrairement au stress ponctuel, l\u2019anxi\u00e9t\u00e9 du TAG est <strong>diffuse, constante et difficile \u00e0 apaiser<\/strong>, m\u00eame lorsque tout semble aller objectivement bien..<\/p>\n\n\n\n<p class=\"has-3-x-large-font-size\" style=\"text-decoration:underline\"><strong><strong><strong>Sympt\u00f4mes du trouble anxieux g\u00e9n\u00e9ralis\u00e9<\/strong><\/strong><\/strong><\/p>\n\n\n\n<p><strong>Sympt\u00f4mes psychologiques du TAG<\/strong><\/p>\n\n\n<ul class=\"wp-block-list\" style=\"\">\n<li class=\"has-x-large-font-size\">Inqui&eacute;tudes permanentes et incontr&ocirc;lables<\/li>\n\n\n\n<li class=\"has-x-large-font-size\">Ruminations mentales<\/li>\n\n\n\n<li class=\"has-x-large-font-size\">Anticipation n&eacute;gative<\/li>\n\n\n\n<li class=\"has-x-large-font-size\">Difficult&eacute; &agrave; se concentrer<\/li>\n\n\n\n<li class=\"has-x-large-font-size\">Impression de &laquo; cerveau qui ne s&rsquo;arr&ecirc;te jamais &raquo;<\/li>\n<\/ul>\n\n\n\n<p><strong>Sympt\u00f4mes <strong>physiques<\/strong><\/strong> <strong>du TAG<\/strong><\/p>\n\n\n<ul class=\"wp-block-list\" style=\"\">\n<li class=\"has-x-large-font-size\">Tensions musculaires chroniques<\/li>\n\n\n\n<li class=\"has-x-large-font-size\">Fatigue persistante<\/li>\n\n\n\n<li class=\"has-x-large-font-size\">Troubles du sommeil<\/li>\n\n\n\n<li class=\"has-x-large-font-size\">Palpitations, oppression<\/li>\n\n\n\n<li class=\"has-x-large-font-size\">Troubles digestifs<\/li>\n<\/ul>\n\n\n\n<p>Ces sympt\u00f4mes peuvent fortement impacter la <strong>qualit\u00e9 de vie personnelle, familiale et professionnelle<\/strong>.<\/p>\n\n\n\n<p class=\"has-3-x-large-font-size\" style=\"text-decoration:underline\"><strong><strong><strong><strong>TAG, stress ou anxi\u00e9t\u00e9 normale : comment faire la diff\u00e9rence ?<\/strong><\/strong><\/strong><\/strong><\/p>\n\n\n\n<p>Beaucoup de personnes h\u00e9sitent \u00e0 consulter en pensant \u00eatre simplement \u00ab stress\u00e9es \u00bb.<br>On parle de <strong>trouble anxieux g\u00e9n\u00e9ralis\u00e9<\/strong> lorsque :<\/p>\n\n\n<ul style=\"margin-top:var(--wp--preset--spacing--2-x-small);margin-bottom:var(--wp--preset--spacing--2-x-small);\" class=\"wp-block-list\">\n<li class=\"has-x-large-font-size\">l&rsquo;anxi&eacute;t&eacute; est pr&eacute;sente presque tous les jours,<\/li>\n\n\n\n<li class=\"has-x-large-font-size\">elle dure depuis plusieurs mois ou ann&eacute;es,<\/li>\n\n\n\n<li class=\"has-x-large-font-size\">elle est disproportionn&eacute;e par rapport aux situations,<\/li>\n\n\n\n<li class=\"has-x-large-font-size\">elle entra&icirc;ne une souffrance significative ou un &eacute;puisement.<\/li>\n<\/ul>\n\n\n\n<p>Dans ce cas, un accompagnement sp\u00e9cialis\u00e9 en <strong>TCC pour l\u2019anxi\u00e9t\u00e9 \u00e0 La Rochelle<\/strong> est recommand\u00e9.<\/p>\n\n\n\n<p class=\"has-3-x-large-font-size\" style=\"text-decoration:underline\"><strong><strong><strong><strong><strong>Pourquoi l\u2019anxi\u00e9t\u00e9 se maintient dans le TAG ?<\/strong><\/strong><\/strong><\/strong><\/strong><\/p>\n\n\n\n<p style=\"margin-top:0;margin-bottom:0\">En <strong>th\u00e9rapie cognitivo-comportementale<\/strong>, le TAG est compris comme un <strong>cercle vicieux anxieux<\/strong>.<br><strong>Les m\u00e9canismes centraux du trouble anxieux g\u00e9n\u00e9ralis\u00e9<\/strong> :<\/p>\n\n\n<ul class=\"wp-block-list\" style=\"\">\n<li class=\"has-x-large-font-size\" style=\"margin-top:0;margin-bottom:0\"><strong>Intol&eacute;rance &agrave; l&rsquo;incertitude<\/strong><\/li>\n\n\n\n<li class=\"has-x-large-font-size\">\n<strong>Croyances positives sur l&rsquo;inqui&eacute;tude<\/strong> (&laquo; S&rsquo;inqui&eacute;ter &eacute;vite les probl&egrave;mes &raquo;)<\/li>\n\n\n\n<li class=\"has-x-large-font-size\"><strong>Hypercontr&ocirc;le mental<\/strong><\/li>\n\n\n\n<li class=\"has-x-large-font-size\"><strong>Recherche excessive de r&eacute;assurance<\/strong><\/li>\n\n\n\n<li class=\"has-x-large-font-size\"><strong>&Eacute;vitement &eacute;motionnel<\/strong><\/li>\n<\/ul>\n\n\n\n<p>Ces strat\u00e9gies soulagent \u00e0 court terme mais <strong>entretiennent l\u2019anxi\u00e9t\u00e9 \u00e0 long terme<\/strong>.<\/p>\n\n\n\n<p class=\"has-3-x-large-font-size\" style=\"text-decoration:underline\"><strong><strong><strong><strong><strong><strong>La TCC : traitement de r\u00e9f\u00e9rence du trouble anxieux g\u00e9n\u00e9ralis\u00e9<\/strong><\/strong><\/strong><\/strong><\/strong><\/strong><\/p>\n\n\n\n<p>La <strong>th\u00e9rapie cognitivo-comportementale (TCC)<\/strong> est reconnue comme <strong>l\u2019un des traitements les plus efficaces du TAG<\/strong>, recommand\u00e9e par les instances scientifiques et cliniques.<br><strong>Objectifs de la TCC pour le TAG<\/strong> :<\/p>\n\n\n<ul class=\"wp-block-list\" style=\"\">\n<li class=\"has-x-large-font-size\">Comprendre le fonctionnement de son anxi&eacute;t&eacute;<\/li>\n\n\n\n<li class=\"has-x-large-font-size\">R&eacute;duire les ruminations<\/li>\n\n\n\n<li class=\"has-x-large-font-size\">Apprendre &agrave; tol&eacute;rer l&rsquo;incertitude<\/li>\n\n\n\n<li class=\"has-x-large-font-size\">Modifier les croyances anxiog&egrave;nes<\/li>\n\n\n\n<li class=\"has-x-large-font-size\">Retrouver une libert&eacute; &eacute;motionnelle<\/li>\n<\/ul>\n\n\n\n<p class=\"has-3-x-large-font-size\" style=\"text-decoration:underline\"><strong><strong><strong><strong><strong><strong><strong>Quels outils TCC sont utilis\u00e9s pour le TAG ?<\/strong><\/strong><\/strong><\/strong><\/strong><\/strong><\/strong><\/p>\n\n\n\n<p><strong>Psycho\u00e9ducation sur l\u2019anxi\u00e9t\u00e9<\/strong><br>Comprendre comment fonctionne le cerveau anxieux permet d\u00e9j\u00e0 de diminuer la peur de ses sympt\u00f4mes.<\/p>\n\n\n\n<p style=\"margin-top:0;margin-bottom:0;padding-top:0;padding-right:0;padding-bottom:0;padding-left:0\"><strong><strong>Travail sur les pens\u00e9es anxieuses<\/strong><\/strong><\/p>\n\n\n<ul class=\"wp-block-list\" style=\"\">\n<li class=\"has-x-large-font-size\">Identification des pens&eacute;es automatiques<\/li>\n\n\n\n<li class=\"has-x-large-font-size\">Distorsions cognitives<\/li>\n\n\n\n<li class=\"has-x-large-font-size\">Restructuration cognitive<\/li>\n<\/ul>\n\n\n\n<p style=\"margin-top:0;margin-bottom:0;padding-top:0;padding-right:0;padding-bottom:0;padding-left:0\"><strong><strong><strong>Exposition \u00e0 l\u2019incertitude<\/strong><\/strong><\/strong><\/p>\n\n\n<ul class=\"wp-block-list\" style=\"\">\n<li class=\"has-x-large-font-size\">R&eacute;duction des comportements de contr&ocirc;le<\/li>\n\n\n\n<li class=\"has-x-large-font-size\">Apprentissage progressif du l&acirc;cher-prise<\/li>\n<\/ul>\n\n\n\n<p class=\"has-x-large-font-size\"><strong>R\u00e9gulation \u00e9motionnelle<\/strong><\/p>\n\n\n<ul class=\"wp-block-list\" style=\"\">\n<li class=\"has-x-large-font-size\">Respiration<\/li>\n\n\n\n<li class=\"has-x-large-font-size\">Relaxation<\/li>\n\n\n\n<li class=\"has-x-large-font-size\">Pleine conscience<\/li>\n\n\n\n<li class=\"has-x-large-font-size\">Travail sur les tensions corporelles<\/li>\n<\/ul>\n\n\n\n<p class=\"has-3-x-large-font-size\" style=\"text-decoration:underline\"><strong><strong><strong><strong><strong><strong><strong><strong>Combien de temps dure une th\u00e9rapie TCC pour le TAG ?<\/strong><\/strong><\/strong><\/strong><\/strong><\/strong><\/strong><\/strong><\/p>\n\n\n\n<p>Une <strong>TCC du trouble anxieux g\u00e9n\u00e9ralis\u00e9<\/strong> dure en moyenne <strong>12 \u00e0 25 s\u00e9ances<\/strong>, selon l\u2019intensit\u00e9 des sympt\u00f4mes et l\u2019anciennet\u00e9 de l\u2019anxi\u00e9t\u00e9.<\/p>\n\n\n\n<p>La th\u00e9rapie vise \u00e0 rendre la personne <strong>autonome dans la gestion de son anxi\u00e9t\u00e9<\/strong>, et non d\u00e9pendante du th\u00e9rapeute.<\/p>\n\n\n\n<p class=\"has-3-x-large-font-size\" style=\"text-decoration:underline\"><strong><strong><strong><strong><strong><strong><strong><strong><strong>Quand consulter un th\u00e9rapeute TCC \u00e0 La Rochelle pour le TAG ?<\/strong><\/strong><\/strong><\/strong><\/strong><\/strong><\/strong><\/strong><\/strong><\/p>\n\n\n\n<p>Il est conseill\u00e9 de consulter lorsque :<\/p>\n\n\n<ul class=\"wp-block-list\" style=\"\">\n<li class=\"has-x-large-font-size\">l&rsquo;anxi&eacute;t&eacute; est pr&eacute;sente quotidiennement,<\/li>\n\n\n\n<li class=\"has-x-large-font-size\">les inqui&eacute;tudes prennent trop de place,<\/li>\n\n\n\n<li class=\"has-x-large-font-size\">le sommeil est perturb&eacute;,<\/li>\n\n\n\n<li class=\"has-x-large-font-size\">la fatigue mentale est importante,<\/li>\n\n\n\n<li class=\"has-x-large-font-size\">la qualit&eacute; de vie diminue.<\/li>\n<\/ul>\n\n\n\n<p>Un <strong>th\u00e9rapeute TCC sp\u00e9cialis\u00e9 dans l\u2019anxi\u00e9t\u00e9 \u00e0 La Rochelle<\/strong> peut vous accompagner de mani\u00e8re structur\u00e9e et personnalis\u00e9e.<\/p>\n\n\n\n<p class=\"has-3-x-large-font-size\" style=\"text-decoration:underline\"><strong><strong><strong><strong><strong><strong><strong><strong><strong><strong>Th\u00e9rapie du trouble anxieux g\u00e9n\u00e9ralis\u00e9 \u00e0 La Rochelle<\/strong><\/strong><\/strong><\/strong><\/strong><\/strong><\/strong><\/strong><\/strong><\/strong><\/p>\n\n\n\n<p>Si vous recherchez une <strong>th\u00e9rapie TCC pour le trouble anxieux g\u00e9n\u00e9ralis\u00e9 \u00e0 La Rochelle<\/strong>, un accompagnement sp\u00e9cialis\u00e9 peut vous aider \u00e0 :<\/p>\n\n\n<ul class=\"wp-block-list\" style=\"\">\n<li class=\"has-x-large-font-size\">comprendre votre anxi&eacute;t&eacute;,<\/li>\n\n\n\n<li class=\"has-x-large-font-size\">sortir des ruminations,<\/li>\n\n\n\n<li class=\"has-x-large-font-size\">retrouver un apaisement durable,<\/li>\n\n\n\n<li class=\"has-x-large-font-size\">reprendre confiance en vos capacit&eacute;s.<\/li>\n<\/ul>\n\n\n\n<p>La TCC propose des outils concrets, valid\u00e9s scientifiquement, et applicables dans votre quotidien.<\/p>\n\n\n\n<p class=\"has-3-x-large-font-size\" style=\"text-decoration:underline\"><strong><strong><strong><strong><strong><strong><strong>En r\u00e9sum\u00e9<\/strong><\/strong><\/strong><\/strong><\/strong><\/strong><\/strong><\/p>\n\n\n<ul class=\"wp-block-list\" style=\"\">\n<li class=\"has-x-large-font-size\">Le <strong>trouble anxieux g&eacute;n&eacute;ralis&eacute; (TAG)<\/strong> est une anxi&eacute;t&eacute; chronique et envahissante<\/li>\n\n\n\n<li class=\"has-x-large-font-size\">Il repose sur des m&eacute;canismes cognitifs et comportementaux sp&eacute;cifiques<\/li>\n\n\n\n<li class=\"has-x-large-font-size\">La <strong>TCC est le traitement de r&eacute;f&eacute;rence<\/strong>\n<\/li>\n\n\n\n<li class=\"has-x-large-font-size\">Une th&eacute;rapie permet de r&eacute;duire durablement l&rsquo;anxi&eacute;t&eacute;<\/li>\n\n\n\n<li class=\"has-x-large-font-size\">Un accompagnement TCC &agrave; <strong>La Rochelle<\/strong> peut vous aider &agrave; retrouver une vie plus sereine<\/li>\n<\/ul>\n\n\n\n<p><em>Vous souhaitez savoir si la TCC est adapt\u00e9e \u00e0 votre situation ou prendre rendez-vous pour une th\u00e9rapie du trouble anxieux g\u00e9n\u00e9ralis\u00e9 \u00e0 La Rochelle ? N\u2019h\u00e9sitez pas \u00e0 me contacter pour en discuter.<\/em><\/p>\n<\/blockquote>\n","protected":false},"excerpt":{"rendered":"<p>Le trouble anxieux g\u00e9n\u00e9ralis\u00e9 (TAG) est un trouble fr\u00e9quent, mais souvent mal compris. \u00c0 La Rochelle, la th\u00e9rapie cognitivo-comportementale (TCC) est aujourd\u2019hui l\u2019une des approches les plus efficaces pour traiter durablement ce trouble anxieux &#8230; <a href=\"https:\/\/www.tcc-17.com\/index.php\/2026\/03\/01\/tag-la-rochelle\/\">Lire la suite<\/a><\/p>\n","protected":false},"author":1,"featured_media":0,"comment_status":"open","ping_status":"open","sticky":false,"template":"","format":"standard","meta":{"footnotes":""},"categories":[1],"tags":[],"class_list":["post-1088","post","type-post","status-publish","format-standard","hentry","category-uncategorized"],"yoast_head":"<!-- This site is optimized with the Yoast SEO plugin v25.2 - https:\/\/yoast.com\/wordpress\/plugins\/seo\/ -->\n<title>Trouble anxieux g\u00e9n\u00e9ralis\u00e9 (TAG) : th\u00e9rapie TCC \u00e0 La Rochelle - Adeline LAYEC TCC17<\/title>\n<meta name=\"description\" content=\"Le trouble anxieux g\u00e9n\u00e9ralis\u00e9 (TAG) est un trouble fr\u00e9quent, mais souvent mal compris. \u00c0 La Rochelle, la th\u00e9rapie cognitivo-comportementale (TCC) est aujourd\u2019hui l\u2019une des approches les plus efficaces pour traiter durablement ce trouble anxieux.\" \/>\n<meta name=\"robots\" content=\"index, follow, max-snippet:-1, max-image-preview:large, max-video-preview:-1\" \/>\n<link rel=\"canonical\" href=\"https:\/\/www.tcc-17.com\/index.php\/2026\/03\/01\/tag-la-rochelle\/\" \/>\n<meta property=\"og:locale\" content=\"fr_FR\" \/>\n<meta property=\"og:type\" content=\"article\" \/>\n<meta property=\"og:title\" content=\"Trouble anxieux g\u00e9n\u00e9ralis\u00e9 (TAG) : th\u00e9rapie TCC \u00e0 La Rochelle - Adeline LAYEC TCC17\" \/>\n<meta property=\"og:description\" content=\"Le trouble anxieux g\u00e9n\u00e9ralis\u00e9 (TAG) est un trouble fr\u00e9quent, mais souvent mal compris. \u00c0 La Rochelle, la th\u00e9rapie cognitivo-comportementale (TCC) est aujourd\u2019hui l\u2019une des approches les plus efficaces pour traiter durablement ce trouble anxieux.\" \/>\n<meta property=\"og:url\" content=\"https:\/\/www.tcc-17.com\/index.php\/2026\/03\/01\/tag-la-rochelle\/\" \/>\n<meta property=\"og:site_name\" content=\"Adeline LAYEC TCC17\" \/>\n<meta property=\"article:published_time\" content=\"2026-03-01T04:46:00+00:00\" \/>\n<meta property=\"article:modified_time\" content=\"2026-03-01T06:22:39+00:00\" \/>\n<meta property=\"og:image\" content=\"https:\/\/www.tcc-17.com\/wp-content\/uploads\/2026\/03\/img_blog_article_8.webp\" \/>\n\t<meta property=\"og:image:width\" content=\"1006\" \/>\n\t<meta property=\"og:image:height\" content=\"724\" \/>\n\t<meta property=\"og:image:type\" content=\"image\/webp\" \/>\n<meta name=\"author\" content=\"Adeline LAYEC\" \/>\n<meta name=\"twitter:card\" content=\"summary_large_image\" \/>\n<meta name=\"twitter:label1\" content=\"\u00c9crit par\" \/>\n\t<meta name=\"twitter:data1\" content=\"Adeline LAYEC\" \/>\n\t<meta name=\"twitter:label2\" content=\"Dur\u00e9e de lecture estim\u00e9e\" \/>\n\t<meta name=\"twitter:data2\" content=\"1 minute\" \/>\n<script type=\"application\/ld+json\" class=\"yoast-schema-graph\">{\"@context\":\"https:\/\/schema.org\",\"@graph\":[{\"@type\":\"Article\",\"@id\":\"https:\/\/www.tcc-17.com\/index.php\/2026\/03\/01\/tag-la-rochelle\/#article\",\"isPartOf\":{\"@id\":\"https:\/\/www.tcc-17.com\/index.php\/2026\/03\/01\/tag-la-rochelle\/\"},\"author\":{\"name\":\"Adeline LAYEC\",\"@id\":\"https:\/\/www.tcc-17.com\/#\/schema\/person\/ec463e44216e649196cffc78c05113f9\"},\"headline\":\"Trouble anxieux g\u00e9n\u00e9ralis\u00e9 (TAG) : th\u00e9rapie TCC \u00e0 La Rochelle\",\"datePublished\":\"2026-03-01T04:46:00+00:00\",\"dateModified\":\"2026-03-01T06:22:39+00:00\",\"mainEntityOfPage\":{\"@id\":\"https:\/\/www.tcc-17.com\/index.php\/2026\/03\/01\/tag-la-rochelle\/\"},\"wordCount\":925,\"commentCount\":0,\"publisher\":{\"@id\":\"https:\/\/www.tcc-17.com\/#organization\"},\"image\":{\"@id\":\"https:\/\/www.tcc-17.com\/index.php\/2026\/03\/01\/tag-la-rochelle\/#primaryimage\"},\"thumbnailUrl\":\"https:\/\/www.tcc-17.com\/wp-content\/uploads\/2026\/03\/img_blog_article_8.webp\",\"articleSection\":[\"Uncategorized\"],\"inLanguage\":\"fr-FR\",\"potentialAction\":[{\"@type\":\"CommentAction\",\"name\":\"Comment\",\"target\":[\"https:\/\/www.tcc-17.com\/index.php\/2026\/03\/01\/tag-la-rochelle\/#respond\"]}]},{\"@type\":\"WebPage\",\"@id\":\"https:\/\/www.tcc-17.com\/index.php\/2026\/03\/01\/tag-la-rochelle\/\",\"url\":\"https:\/\/www.tcc-17.com\/index.php\/2026\/03\/01\/tag-la-rochelle\/\",\"name\":\"Trouble anxieux g\u00e9n\u00e9ralis\u00e9 (TAG) : th\u00e9rapie TCC \u00e0 La Rochelle - Adeline LAYEC TCC17\",\"isPartOf\":{\"@id\":\"https:\/\/www.tcc-17.com\/#website\"},\"primaryImageOfPage\":{\"@id\":\"https:\/\/www.tcc-17.com\/index.php\/2026\/03\/01\/tag-la-rochelle\/#primaryimage\"},\"image\":{\"@id\":\"https:\/\/www.tcc-17.com\/index.php\/2026\/03\/01\/tag-la-rochelle\/#primaryimage\"},\"thumbnailUrl\":\"https:\/\/www.tcc-17.com\/wp-content\/uploads\/2026\/03\/img_blog_article_8.webp\",\"datePublished\":\"2026-03-01T04:46:00+00:00\",\"dateModified\":\"2026-03-01T06:22:39+00:00\",\"description\":\"Le trouble anxieux g\u00e9n\u00e9ralis\u00e9 (TAG) est un trouble fr\u00e9quent, mais souvent mal compris. \u00c0 La Rochelle, la th\u00e9rapie cognitivo-comportementale (TCC) est aujourd\u2019hui l\u2019une des approches les plus efficaces pour traiter durablement ce trouble anxieux.\",\"breadcrumb\":{\"@id\":\"https:\/\/www.tcc-17.com\/index.php\/2026\/03\/01\/tag-la-rochelle\/#breadcrumb\"},\"inLanguage\":\"fr-FR\",\"potentialAction\":[{\"@type\":\"ReadAction\",\"target\":[\"https:\/\/www.tcc-17.com\/index.php\/2026\/03\/01\/tag-la-rochelle\/\"]}]},{\"@type\":\"ImageObject\",\"inLanguage\":\"fr-FR\",\"@id\":\"https:\/\/www.tcc-17.com\/index.php\/2026\/03\/01\/tag-la-rochelle\/#primaryimage\",\"url\":\"https:\/\/www.tcc-17.com\/wp-content\/uploads\/2026\/03\/img_blog_article_8.webp\",\"contentUrl\":\"https:\/\/www.tcc-17.com\/wp-content\/uploads\/2026\/03\/img_blog_article_8.webp\",\"width\":1006,\"height\":724},{\"@type\":\"BreadcrumbList\",\"@id\":\"https:\/\/www.tcc-17.com\/index.php\/2026\/03\/01\/tag-la-rochelle\/#breadcrumb\",\"itemListElement\":[{\"@type\":\"ListItem\",\"position\":1,\"name\":\"Accueil\",\"item\":\"https:\/\/www.tcc-17.com\/\"},{\"@type\":\"ListItem\",\"position\":2,\"name\":\"Trouble anxieux g\u00e9n\u00e9ralis\u00e9 (TAG) : th\u00e9rapie TCC \u00e0 La Rochelle\"}]},{\"@type\":\"WebSite\",\"@id\":\"https:\/\/www.tcc-17.com\/#website\",\"url\":\"https:\/\/www.tcc-17.com\/\",\"name\":\"Adeline LAYEC TCC-17\",\"description\":\"Th\u00e9rapeute TCC et TCD \u00e0 La Rochelle  (Charente Maritime)\",\"publisher\":{\"@id\":\"https:\/\/www.tcc-17.com\/#organization\"},\"alternateName\":\"TCC17\",\"potentialAction\":[{\"@type\":\"SearchAction\",\"target\":{\"@type\":\"EntryPoint\",\"urlTemplate\":\"https:\/\/www.tcc-17.com\/?s={search_term_string}\"},\"query-input\":{\"@type\":\"PropertyValueSpecification\",\"valueRequired\":true,\"valueName\":\"search_term_string\"}}],\"inLanguage\":\"fr-FR\"},{\"@type\":\"Organization\",\"@id\":\"https:\/\/www.tcc-17.com\/#organization\",\"name\":\"Adeline LAYEC\",\"alternateName\":\"TCC17\",\"url\":\"https:\/\/www.tcc-17.com\/\",\"logo\":{\"@type\":\"ImageObject\",\"inLanguage\":\"fr-FR\",\"@id\":\"https:\/\/www.tcc-17.com\/#\/schema\/logo\/image\/\",\"url\":\"https:\/\/www.tcc-17.com\/wp-content\/uploads\/2025\/05\/logo_al_v2_2.png\",\"contentUrl\":\"https:\/\/www.tcc-17.com\/wp-content\/uploads\/2025\/05\/logo_al_v2_2.png\",\"width\":414,\"height\":412,\"caption\":\"Adeline LAYEC\"},\"image\":{\"@id\":\"https:\/\/www.tcc-17.com\/#\/schema\/logo\/image\/\"}},{\"@type\":\"Person\",\"@id\":\"https:\/\/www.tcc-17.com\/#\/schema\/person\/ec463e44216e649196cffc78c05113f9\",\"name\":\"Adeline LAYEC\",\"image\":{\"@type\":\"ImageObject\",\"inLanguage\":\"fr-FR\",\"@id\":\"https:\/\/www.tcc-17.com\/#\/schema\/person\/image\/\",\"url\":\"https:\/\/secure.gravatar.com\/avatar\/6cc30cce27cb32d95a7e69085a9369c0663c9825662e98e72b94cdd8d4e64945?s=96&d=mm&r=g\",\"contentUrl\":\"https:\/\/secure.gravatar.com\/avatar\/6cc30cce27cb32d95a7e69085a9369c0663c9825662e98e72b94cdd8d4e64945?s=96&d=mm&r=g\",\"caption\":\"Adeline LAYEC\"},\"sameAs\":[\"http:\/\/www.tcc-17.com\"],\"url\":\"https:\/\/www.tcc-17.com\/index.php\/author\/alain_layec\/\"}]}<\/script>\n<!-- \/ Yoast SEO plugin. -->","yoast_head_json":{"title":"Trouble anxieux g\u00e9n\u00e9ralis\u00e9 (TAG) : th\u00e9rapie TCC \u00e0 La Rochelle - Adeline LAYEC TCC17","description":"Le trouble anxieux g\u00e9n\u00e9ralis\u00e9 (TAG) est un trouble fr\u00e9quent, mais souvent mal compris. \u00c0 La Rochelle, la th\u00e9rapie cognitivo-comportementale (TCC) est aujourd\u2019hui l\u2019une des approches les plus efficaces pour traiter durablement ce trouble anxieux.","robots":{"index":"index","follow":"follow","max-snippet":"max-snippet:-1","max-image-preview":"max-image-preview:large","max-video-preview":"max-video-preview:-1"},"canonical":"https:\/\/www.tcc-17.com\/index.php\/2026\/03\/01\/tag-la-rochelle\/","og_locale":"fr_FR","og_type":"article","og_title":"Trouble anxieux g\u00e9n\u00e9ralis\u00e9 (TAG) : th\u00e9rapie TCC \u00e0 La Rochelle - Adeline LAYEC TCC17","og_description":"Le trouble anxieux g\u00e9n\u00e9ralis\u00e9 (TAG) est un trouble fr\u00e9quent, mais souvent mal compris. \u00c0 La Rochelle, la th\u00e9rapie cognitivo-comportementale (TCC) est aujourd\u2019hui l\u2019une des approches les plus efficaces pour traiter durablement ce trouble anxieux.","og_url":"https:\/\/www.tcc-17.com\/index.php\/2026\/03\/01\/tag-la-rochelle\/","og_site_name":"Adeline LAYEC TCC17","article_published_time":"2026-03-01T04:46:00+00:00","article_modified_time":"2026-03-01T06:22:39+00:00","og_image":[{"width":1006,"height":724,"url":"https:\/\/www.tcc-17.com\/wp-content\/uploads\/2026\/03\/img_blog_article_8.webp","type":"image\/webp"}],"author":"Adeline LAYEC","twitter_card":"summary_large_image","twitter_misc":{"\u00c9crit par":"Adeline LAYEC","Dur\u00e9e de lecture estim\u00e9e":"1 minute"},"schema":{"@context":"https:\/\/schema.org","@graph":[{"@type":"Article","@id":"https:\/\/www.tcc-17.com\/index.php\/2026\/03\/01\/tag-la-rochelle\/#article","isPartOf":{"@id":"https:\/\/www.tcc-17.com\/index.php\/2026\/03\/01\/tag-la-rochelle\/"},"author":{"name":"Adeline LAYEC","@id":"https:\/\/www.tcc-17.com\/#\/schema\/person\/ec463e44216e649196cffc78c05113f9"},"headline":"Trouble anxieux g\u00e9n\u00e9ralis\u00e9 (TAG) : th\u00e9rapie TCC \u00e0 La Rochelle","datePublished":"2026-03-01T04:46:00+00:00","dateModified":"2026-03-01T06:22:39+00:00","mainEntityOfPage":{"@id":"https:\/\/www.tcc-17.com\/index.php\/2026\/03\/01\/tag-la-rochelle\/"},"wordCount":925,"commentCount":0,"publisher":{"@id":"https:\/\/www.tcc-17.com\/#organization"},"image":{"@id":"https:\/\/www.tcc-17.com\/index.php\/2026\/03\/01\/tag-la-rochelle\/#primaryimage"},"thumbnailUrl":"https:\/\/www.tcc-17.com\/wp-content\/uploads\/2026\/03\/img_blog_article_8.webp","articleSection":["Uncategorized"],"inLanguage":"fr-FR","potentialAction":[{"@type":"CommentAction","name":"Comment","target":["https:\/\/www.tcc-17.com\/index.php\/2026\/03\/01\/tag-la-rochelle\/#respond"]}]},{"@type":"WebPage","@id":"https:\/\/www.tcc-17.com\/index.php\/2026\/03\/01\/tag-la-rochelle\/","url":"https:\/\/www.tcc-17.com\/index.php\/2026\/03\/01\/tag-la-rochelle\/","name":"Trouble anxieux g\u00e9n\u00e9ralis\u00e9 (TAG) : th\u00e9rapie TCC \u00e0 La Rochelle - Adeline LAYEC TCC17","isPartOf":{"@id":"https:\/\/www.tcc-17.com\/#website"},"primaryImageOfPage":{"@id":"https:\/\/www.tcc-17.com\/index.php\/2026\/03\/01\/tag-la-rochelle\/#primaryimage"},"image":{"@id":"https:\/\/www.tcc-17.com\/index.php\/2026\/03\/01\/tag-la-rochelle\/#primaryimage"},"thumbnailUrl":"https:\/\/www.tcc-17.com\/wp-content\/uploads\/2026\/03\/img_blog_article_8.webp","datePublished":"2026-03-01T04:46:00+00:00","dateModified":"2026-03-01T06:22:39+00:00","description":"Le trouble anxieux g\u00e9n\u00e9ralis\u00e9 (TAG) est un trouble fr\u00e9quent, mais souvent mal compris. \u00c0 La Rochelle, la th\u00e9rapie cognitivo-comportementale (TCC) est aujourd\u2019hui l\u2019une des approches les plus efficaces pour traiter durablement ce trouble anxieux.","breadcrumb":{"@id":"https:\/\/www.tcc-17.com\/index.php\/2026\/03\/01\/tag-la-rochelle\/#breadcrumb"},"inLanguage":"fr-FR","potentialAction":[{"@type":"ReadAction","target":["https:\/\/www.tcc-17.com\/index.php\/2026\/03\/01\/tag-la-rochelle\/"]}]},{"@type":"ImageObject","inLanguage":"fr-FR","@id":"https:\/\/www.tcc-17.com\/index.php\/2026\/03\/01\/tag-la-rochelle\/#primaryimage","url":"https:\/\/www.tcc-17.com\/wp-content\/uploads\/2026\/03\/img_blog_article_8.webp","contentUrl":"https:\/\/www.tcc-17.com\/wp-content\/uploads\/2026\/03\/img_blog_article_8.webp","width":1006,"height":724},{"@type":"BreadcrumbList","@id":"https:\/\/www.tcc-17.com\/index.php\/2026\/03\/01\/tag-la-rochelle\/#breadcrumb","itemListElement":[{"@type":"ListItem","position":1,"name":"Accueil","item":"https:\/\/www.tcc-17.com\/"},{"@type":"ListItem","position":2,"name":"Trouble anxieux g\u00e9n\u00e9ralis\u00e9 (TAG) : th\u00e9rapie TCC \u00e0 La Rochelle"}]},{"@type":"WebSite","@id":"https:\/\/www.tcc-17.com\/#website","url":"https:\/\/www.tcc-17.com\/","name":"Adeline LAYEC TCC-17","description":"Th\u00e9rapeute TCC et TCD \u00e0 La Rochelle  (Charente Maritime)","publisher":{"@id":"https:\/\/www.tcc-17.com\/#organization"},"alternateName":"TCC17","potentialAction":[{"@type":"SearchAction","target":{"@type":"EntryPoint","urlTemplate":"https:\/\/www.tcc-17.com\/?s={search_term_string}"},"query-input":{"@type":"PropertyValueSpecification","valueRequired":true,"valueName":"search_term_string"}}],"inLanguage":"fr-FR"},{"@type":"Organization","@id":"https:\/\/www.tcc-17.com\/#organization","name":"Adeline LAYEC","alternateName":"TCC17","url":"https:\/\/www.tcc-17.com\/","logo":{"@type":"ImageObject","inLanguage":"fr-FR","@id":"https:\/\/www.tcc-17.com\/#\/schema\/logo\/image\/","url":"https:\/\/www.tcc-17.com\/wp-content\/uploads\/2025\/05\/logo_al_v2_2.png","contentUrl":"https:\/\/www.tcc-17.com\/wp-content\/uploads\/2025\/05\/logo_al_v2_2.png","width":414,"height":412,"caption":"Adeline LAYEC"},"image":{"@id":"https:\/\/www.tcc-17.com\/#\/schema\/logo\/image\/"}},{"@type":"Person","@id":"https:\/\/www.tcc-17.com\/#\/schema\/person\/ec463e44216e649196cffc78c05113f9","name":"Adeline LAYEC","image":{"@type":"ImageObject","inLanguage":"fr-FR","@id":"https:\/\/www.tcc-17.com\/#\/schema\/person\/image\/","url":"https:\/\/secure.gravatar.com\/avatar\/6cc30cce27cb32d95a7e69085a9369c0663c9825662e98e72b94cdd8d4e64945?s=96&d=mm&r=g","contentUrl":"https:\/\/secure.gravatar.com\/avatar\/6cc30cce27cb32d95a7e69085a9369c0663c9825662e98e72b94cdd8d4e64945?s=96&d=mm&r=g","caption":"Adeline LAYEC"},"sameAs":["http:\/\/www.tcc-17.com"],"url":"https:\/\/www.tcc-17.com\/index.php\/author\/alain_layec\/"}]}},"_links":{"self":[{"href":"https:\/\/www.tcc-17.com\/index.php\/wp-json\/wp\/v2\/posts\/1088","targetHints":{"allow":["GET"]}}],"collection":[{"href":"https:\/\/www.tcc-17.com\/index.php\/wp-json\/wp\/v2\/posts"}],"about":[{"href":"https:\/\/www.tcc-17.com\/index.php\/wp-json\/wp\/v2\/types\/post"}],"author":[{"embeddable":true,"href":"https:\/\/www.tcc-17.com\/index.php\/wp-json\/wp\/v2\/users\/1"}],"replies":[{"embeddable":true,"href":"https:\/\/www.tcc-17.com\/index.php\/wp-json\/wp\/v2\/comments?post=1088"}],"version-history":[{"count":8,"href":"https:\/\/www.tcc-17.com\/index.php\/wp-json\/wp\/v2\/posts\/1088\/revisions"}],"predecessor-version":[{"id":1101,"href":"https:\/\/www.tcc-17.com\/index.php\/wp-json\/wp\/v2\/posts\/1088\/revisions\/1101"}],"wp:attachment":[{"href":"https:\/\/www.tcc-17.com\/index.php\/wp-json\/wp\/v2\/media?parent=1088"}],"wp:term":[{"taxonomy":"category","embeddable":true,"href":"https:\/\/www.tcc-17.com\/index.php\/wp-json\/wp\/v2\/categories?post=1088"},{"taxonomy":"post_tag","embeddable":true,"href":"https:\/\/www.tcc-17.com\/index.php\/wp-json\/wp\/v2\/tags?post=1088"}],"curies":[{"name":"wp","href":"https:\/\/api.w.org\/{rel}","templated":true}]}}